{"id":2020,"date":"2025-10-16T10:51:49","date_gmt":"2025-10-16T10:51:49","guid":{"rendered":"https:\/\/www.avek-haarlem.com\/unkategorisiert\/agrarische-sector\/"},"modified":"2025-04-24T09:00:27","modified_gmt":"2025-04-24T09:00:27","slug":"landwirtschaft","status":"publish","type":"post","link":"https:\/\/www.avek-haarlem.com\/de\/branchen\/landwirtschaft\/","title":{"rendered":"Landwirtschaft"},"content":{"rendered":"<div class=\"fusion-fullwidth fullwidth-box fusion-builder-row-1 fusion-flex-container nonhundred-percent-fullwidth non-hundred-percent-height-scrolling\" style=\"--awb-border-radius-top-left:0px;--awb-border-radius-top-right:0px;--awb-border-radius-bottom-right:0px;--awb-border-radius-bottom-left:0px;--awb-flex-wrap:wrap;\" ><div class=\"fusion-builder-row fusion-row fusion-flex-align-items-flex-start fusion-flex-content-wrap\" style=\"max-width:1248px;margin-left: calc(-4% \/ 2 );margin-right: calc(-4% \/ 2 );\"><div class=\"fusion-layout-column fusion_builder_column fusion-builder-column-0 fusion_builder_column_1_1 1_1 fusion-flex-column\" style=\"--awb-bg-blend:overlay;--awb-bg-size:cover;--awb-width-large:100%;--awb-margin-top-large:0px;--awb-spacing-right-large:1.92%;--awb-margin-bottom-large:0px;--awb-spacing-left-large:1.92%;--awb-width-medium:100%;--awb-spacing-right-medium:1.92%;--awb-spacing-left-medium:1.92%;--awb-width-small:100%;--awb-spacing-right-small:1.92%;--awb-spacing-left-small:1.92%;\"><div class=\"fusion-column-wrapper fusion-flex-justify-content-flex-start fusion-content-layout-column\"><div class=\"fusion-text fusion-text-1\"><p>Sowohl bei der Unterst\u00fctzung Obst- und Gem\u00fcseanbau als auch bei den eingesetzten Erntemaschinen findet man federnde Anwendungen. Avek Haarlem hilft seinen Kunden in dieser Branche gerne dabei, die Funktionsweise des Produkts zu optimieren, um ein nachhaltigeres Endprodukt herstellen zu k\u00f6nnen. Lesen Sie hier die Geschichte unseres Kunden <a href=\"https:\/\/www.avek-haarlem.com\/de\/kundenprojekte\/viridi-circulair\/\">Viridi Circular<\/a>, dem wir geholfen haben bei der Entwicklung eines Produkts, das den Tomatenanbau nachhaltiger machen wird.<\/p>\n<\/div><\/div><\/div><\/div><\/div>\n","protected":false},"excerpt":{"rendered":"<p>Vom Gew\u00e4chshausbau bis hin zu Hilfsmitteln f\u00fcr den (Tomaten-)Anbau. Avek Haarlem hilft seinen Kunden gerne.<\/p>\n","protected":false},"author":1,"featured_media":1841,"comment_status":"closed","ping_status":"closed","sticky":false,"template":"","format":"standard","meta":{"footnotes":""},"categories":[38],"tags":[],"class_list":["post-2020","post","type-post","status-publish","format-standard","has-post-thumbnail","hentry","category-branchen"],"yoast_head":"<!-- This site is optimized with the Yoast SEO plugin v27.3 - https:\/\/yoast.com\/product\/yoast-seo-wordpress\/ -->\n<title>Landwirtschaft | AVEK Haarlem Technische Federfabrik<\/title>\n<meta name=\"description\" content=\"AVEK Haarlem liefert langlebige technische Federn &amp; Drahtl\u00f6sungen f\u00fcr die Landwirtschaft. Pr\u00e4zision &amp; Zuverl\u00e4ssigkeit f\u00fcr landwirtschaftliche Anwendungen.\" \/>\n<meta name=\"robots\" content=\"index, follow, max-snippet:-1, max-image-preview:large, max-video-preview:-1\" \/>\n<link rel=\"canonical\" href=\"https:\/\/www.avek-haarlem.com\/de\/branchen\/landwirtschaft\/\" \/>\n<meta property=\"og:locale\" content=\"de_DE\" \/>\n<meta property=\"og:type\" content=\"article\" \/>\n<meta property=\"og:title\" content=\"Agrarische sector | AVEK Haarlem Technische Verenfabriek\" \/>\n<meta property=\"og:description\" content=\"Zowel bij het helpen bij de groei van fruit en groentes als bij de machines die helpen bij de teelt en oogst, zijn verende toepassingen te vinden.\" \/>\n<meta property=\"og:url\" content=\"https:\/\/www.avek-haarlem.com\/de\/branchen\/landwirtschaft\/\" \/>\n<meta property=\"og:site_name\" content=\"AVEK Haarlem\" \/>\n<meta property=\"article:published_time\" content=\"2025-10-16T10:51:49+00:00\" \/>\n<meta property=\"og:image\" content=\"https:\/\/www.avek-haarlem.com\/wp-content\/uploads\/2021\/12\/avek1200_0011_pexels-mark-stebnicki-2255801.jpg\" \/>\n\t<meta property=\"og:image:width\" content=\"1200\" \/>\n\t<meta property=\"og:image:height\" content=\"1200\" \/>\n\t<meta property=\"og:image:type\" content=\"image\/jpeg\" \/>\n<meta name=\"author\" content=\"vollesmaken\" \/>\n<meta name=\"twitter:card\" content=\"summary_large_image\" \/>\n<meta name=\"twitter:title\" content=\"Agrarische sector | AVEK Haarlem Technische Verenfabriek\" \/>\n<meta name=\"twitter:description\" content=\"Zowel bij het helpen bij de groei van fruit en groentes als bij de machines die helpen bij de teelt en oogst, zijn verende toepassingen te vinden.\" \/>\n<meta name=\"twitter:image\" content=\"https:\/\/www.avek-haarlem.com\/wp-content\/uploads\/2021\/12\/avek1200_0011_pexels-mark-stebnicki-2255801.jpg\" \/>\n<meta name=\"twitter:label1\" content=\"Verfasst von\" \/>\n\t<meta name=\"twitter:data1\" content=\"vollesmaken\" \/>\n\t<meta name=\"twitter:label2\" content=\"Gesch\u00e4tzte Lesezeit\" \/>\n\t<meta name=\"twitter:data2\" content=\"1\u00a0Minute\" \/>\n<script type=\"application\/ld+json\" class=\"yoast-schema-graph\">{\"@context\":\"https:\\\/\\\/schema.org\",\"@graph\":[{\"@type\":\"Article\",\"@id\":\"https:\\\/\\\/www.avek-haarlem.com\\\/de\\\/branchen\\\/landwirtschaft\\\/#article\",\"isPartOf\":{\"@id\":\"https:\\\/\\\/www.avek-haarlem.com\\\/de\\\/branchen\\\/landwirtschaft\\\/\"},\"author\":{\"name\":\"vollesmaken\",\"@id\":\"https:\\\/\\\/www.avek-haarlem.com\\\/de\\\/#\\\/schema\\\/person\\\/3f8b796622c0e97d916fe001f93fe5d5\"},\"headline\":\"Landwirtschaft\",\"datePublished\":\"2025-10-16T10:51:49+00:00\",\"mainEntityOfPage\":{\"@id\":\"https:\\\/\\\/www.avek-haarlem.com\\\/de\\\/branchen\\\/landwirtschaft\\\/\"},\"wordCount\":255,\"publisher\":{\"@id\":\"https:\\\/\\\/www.avek-haarlem.com\\\/de\\\/#organization\"},\"image\":{\"@id\":\"https:\\\/\\\/www.avek-haarlem.com\\\/de\\\/branchen\\\/landwirtschaft\\\/#primaryimage\"},\"thumbnailUrl\":\"https:\\\/\\\/www.avek-haarlem.com\\\/wp-content\\\/uploads\\\/2021\\\/12\\\/avek-branches_0004.jpg\",\"articleSection\":[\"Branchen\"],\"inLanguage\":\"de\"},{\"@type\":\"WebPage\",\"@id\":\"https:\\\/\\\/www.avek-haarlem.com\\\/de\\\/branchen\\\/landwirtschaft\\\/\",\"url\":\"https:\\\/\\\/www.avek-haarlem.com\\\/de\\\/branchen\\\/landwirtschaft\\\/\",\"name\":\"Landwirtschaft | AVEK Haarlem Technische Federfabrik\",\"isPartOf\":{\"@id\":\"https:\\\/\\\/www.avek-haarlem.com\\\/de\\\/#website\"},\"primaryImageOfPage\":{\"@id\":\"https:\\\/\\\/www.avek-haarlem.com\\\/de\\\/branchen\\\/landwirtschaft\\\/#primaryimage\"},\"image\":{\"@id\":\"https:\\\/\\\/www.avek-haarlem.com\\\/de\\\/branchen\\\/landwirtschaft\\\/#primaryimage\"},\"thumbnailUrl\":\"https:\\\/\\\/www.avek-haarlem.com\\\/wp-content\\\/uploads\\\/2021\\\/12\\\/avek-branches_0004.jpg\",\"datePublished\":\"2025-10-16T10:51:49+00:00\",\"description\":\"AVEK Haarlem liefert langlebige technische Federn & Drahtl\u00f6sungen f\u00fcr die Landwirtschaft. Pr\u00e4zision & Zuverl\u00e4ssigkeit f\u00fcr landwirtschaftliche Anwendungen.\",\"breadcrumb\":{\"@id\":\"https:\\\/\\\/www.avek-haarlem.com\\\/de\\\/branchen\\\/landwirtschaft\\\/#breadcrumb\"},\"inLanguage\":\"de\",\"potentialAction\":[{\"@type\":\"ReadAction\",\"target\":[\"https:\\\/\\\/www.avek-haarlem.com\\\/de\\\/branchen\\\/landwirtschaft\\\/\"]}]},{\"@type\":\"ImageObject\",\"inLanguage\":\"de\",\"@id\":\"https:\\\/\\\/www.avek-haarlem.com\\\/de\\\/branchen\\\/landwirtschaft\\\/#primaryimage\",\"url\":\"https:\\\/\\\/www.avek-haarlem.com\\\/wp-content\\\/uploads\\\/2021\\\/12\\\/avek-branches_0004.jpg\",\"contentUrl\":\"https:\\\/\\\/www.avek-haarlem.com\\\/wp-content\\\/uploads\\\/2021\\\/12\\\/avek-branches_0004.jpg\",\"width\":1200,\"height\":800},{\"@type\":\"BreadcrumbList\",\"@id\":\"https:\\\/\\\/www.avek-haarlem.com\\\/de\\\/branchen\\\/landwirtschaft\\\/#breadcrumb\",\"itemListElement\":[{\"@type\":\"ListItem\",\"position\":1,\"name\":\"Home\",\"item\":\"https:\\\/\\\/www.avek-haarlem.com\\\/de\\\/\"},{\"@type\":\"ListItem\",\"position\":2,\"name\":\"Landwirtschaft\"}]},{\"@type\":\"WebSite\",\"@id\":\"https:\\\/\\\/www.avek-haarlem.com\\\/de\\\/#website\",\"url\":\"https:\\\/\\\/www.avek-haarlem.com\\\/de\\\/\",\"name\":\"AVEK Haarlem\",\"description\":\"Technische verenfabriek\",\"publisher\":{\"@id\":\"https:\\\/\\\/www.avek-haarlem.com\\\/de\\\/#organization\"},\"potentialAction\":[{\"@type\":\"SearchAction\",\"target\":{\"@type\":\"EntryPoint\",\"urlTemplate\":\"https:\\\/\\\/www.avek-haarlem.com\\\/de\\\/?s={search_term_string}\"},\"query-input\":{\"@type\":\"PropertyValueSpecification\",\"valueRequired\":true,\"valueName\":\"search_term_string\"}}],\"inLanguage\":\"de\"},{\"@type\":\"Organization\",\"@id\":\"https:\\\/\\\/www.avek-haarlem.com\\\/de\\\/#organization\",\"name\":\"AVEK Haarlem B.V.\",\"url\":\"https:\\\/\\\/www.avek-haarlem.com\\\/de\\\/\",\"logo\":{\"@type\":\"ImageObject\",\"inLanguage\":\"de\",\"@id\":\"https:\\\/\\\/www.avek-haarlem.com\\\/de\\\/#\\\/schema\\\/logo\\\/image\\\/\",\"url\":\"https:\\\/\\\/www.avek-haarlem.com\\\/wp-content\\\/uploads\\\/2021\\\/08\\\/AVEK_LOGO_ned.png\",\"contentUrl\":\"https:\\\/\\\/www.avek-haarlem.com\\\/wp-content\\\/uploads\\\/2021\\\/08\\\/AVEK_LOGO_ned.png\",\"width\":301,\"height\":85,\"caption\":\"AVEK Haarlem B.V.\"},\"image\":{\"@id\":\"https:\\\/\\\/www.avek-haarlem.com\\\/de\\\/#\\\/schema\\\/logo\\\/image\\\/\"}},{\"@type\":\"Person\",\"@id\":\"https:\\\/\\\/www.avek-haarlem.com\\\/de\\\/#\\\/schema\\\/person\\\/3f8b796622c0e97d916fe001f93fe5d5\",\"name\":\"vollesmaken\",\"sameAs\":[\"https:\\\/\\\/avek-haarlem.com\"]}]}<\/script>\n<!-- \/ Yoast SEO plugin. -->","yoast_head_json":{"title":"Landwirtschaft | AVEK Haarlem Technische Federfabrik","description":"AVEK Haarlem liefert langlebige technische Federn & Drahtl\u00f6sungen f\u00fcr die Landwirtschaft. Pr\u00e4zision & Zuverl\u00e4ssigkeit f\u00fcr landwirtschaftliche Anwendungen.","robots":{"index":"index","follow":"follow","max-snippet":"max-snippet:-1","max-image-preview":"max-image-preview:large","max-video-preview":"max-video-preview:-1"},"canonical":"https:\/\/www.avek-haarlem.com\/de\/branchen\/landwirtschaft\/","og_locale":"de_DE","og_type":"article","og_title":"Agrarische sector | AVEK Haarlem Technische Verenfabriek","og_description":"Zowel bij het helpen bij de groei van fruit en groentes als bij de machines die helpen bij de teelt en oogst, zijn verende toepassingen te vinden.","og_url":"https:\/\/www.avek-haarlem.com\/de\/branchen\/landwirtschaft\/","og_site_name":"AVEK Haarlem","article_published_time":"2025-10-16T10:51:49+00:00","og_image":[{"width":1200,"height":1200,"url":"https:\/\/www.avek-haarlem.com\/wp-content\/uploads\/2021\/12\/avek1200_0011_pexels-mark-stebnicki-2255801.jpg","type":"image\/jpeg"}],"author":"vollesmaken","twitter_card":"summary_large_image","twitter_title":"Agrarische sector | AVEK Haarlem Technische Verenfabriek","twitter_description":"Zowel bij het helpen bij de groei van fruit en groentes als bij de machines die helpen bij de teelt en oogst, zijn verende toepassingen te vinden.","twitter_image":"https:\/\/www.avek-haarlem.com\/wp-content\/uploads\/2021\/12\/avek1200_0011_pexels-mark-stebnicki-2255801.jpg","twitter_misc":{"Verfasst von":"vollesmaken","Gesch\u00e4tzte Lesezeit":"1\u00a0Minute"},"schema":{"@context":"https:\/\/schema.org","@graph":[{"@type":"Article","@id":"https:\/\/www.avek-haarlem.com\/de\/branchen\/landwirtschaft\/#article","isPartOf":{"@id":"https:\/\/www.avek-haarlem.com\/de\/branchen\/landwirtschaft\/"},"author":{"name":"vollesmaken","@id":"https:\/\/www.avek-haarlem.com\/de\/#\/schema\/person\/3f8b796622c0e97d916fe001f93fe5d5"},"headline":"Landwirtschaft","datePublished":"2025-10-16T10:51:49+00:00","mainEntityOfPage":{"@id":"https:\/\/www.avek-haarlem.com\/de\/branchen\/landwirtschaft\/"},"wordCount":255,"publisher":{"@id":"https:\/\/www.avek-haarlem.com\/de\/#organization"},"image":{"@id":"https:\/\/www.avek-haarlem.com\/de\/branchen\/landwirtschaft\/#primaryimage"},"thumbnailUrl":"https:\/\/www.avek-haarlem.com\/wp-content\/uploads\/2021\/12\/avek-branches_0004.jpg","articleSection":["Branchen"],"inLanguage":"de"},{"@type":"WebPage","@id":"https:\/\/www.avek-haarlem.com\/de\/branchen\/landwirtschaft\/","url":"https:\/\/www.avek-haarlem.com\/de\/branchen\/landwirtschaft\/","name":"Landwirtschaft | AVEK Haarlem Technische Federfabrik","isPartOf":{"@id":"https:\/\/www.avek-haarlem.com\/de\/#website"},"primaryImageOfPage":{"@id":"https:\/\/www.avek-haarlem.com\/de\/branchen\/landwirtschaft\/#primaryimage"},"image":{"@id":"https:\/\/www.avek-haarlem.com\/de\/branchen\/landwirtschaft\/#primaryimage"},"thumbnailUrl":"https:\/\/www.avek-haarlem.com\/wp-content\/uploads\/2021\/12\/avek-branches_0004.jpg","datePublished":"2025-10-16T10:51:49+00:00","description":"AVEK Haarlem liefert langlebige technische Federn & Drahtl\u00f6sungen f\u00fcr die Landwirtschaft. Pr\u00e4zision & Zuverl\u00e4ssigkeit f\u00fcr landwirtschaftliche Anwendungen.","breadcrumb":{"@id":"https:\/\/www.avek-haarlem.com\/de\/branchen\/landwirtschaft\/#breadcrumb"},"inLanguage":"de","potentialAction":[{"@type":"ReadAction","target":["https:\/\/www.avek-haarlem.com\/de\/branchen\/landwirtschaft\/"]}]},{"@type":"ImageObject","inLanguage":"de","@id":"https:\/\/www.avek-haarlem.com\/de\/branchen\/landwirtschaft\/#primaryimage","url":"https:\/\/www.avek-haarlem.com\/wp-content\/uploads\/2021\/12\/avek-branches_0004.jpg","contentUrl":"https:\/\/www.avek-haarlem.com\/wp-content\/uploads\/2021\/12\/avek-branches_0004.jpg","width":1200,"height":800},{"@type":"BreadcrumbList","@id":"https:\/\/www.avek-haarlem.com\/de\/branchen\/landwirtschaft\/#breadcrumb","itemListElement":[{"@type":"ListItem","position":1,"name":"Home","item":"https:\/\/www.avek-haarlem.com\/de\/"},{"@type":"ListItem","position":2,"name":"Landwirtschaft"}]},{"@type":"WebSite","@id":"https:\/\/www.avek-haarlem.com\/de\/#website","url":"https:\/\/www.avek-haarlem.com\/de\/","name":"AVEK Haarlem","description":"Technische verenfabriek","publisher":{"@id":"https:\/\/www.avek-haarlem.com\/de\/#organization"},"potentialAction":[{"@type":"SearchAction","target":{"@type":"EntryPoint","urlTemplate":"https:\/\/www.avek-haarlem.com\/de\/?s={search_term_string}"},"query-input":{"@type":"PropertyValueSpecification","valueRequired":true,"valueName":"search_term_string"}}],"inLanguage":"de"},{"@type":"Organization","@id":"https:\/\/www.avek-haarlem.com\/de\/#organization","name":"AVEK Haarlem B.V.","url":"https:\/\/www.avek-haarlem.com\/de\/","logo":{"@type":"ImageObject","inLanguage":"de","@id":"https:\/\/www.avek-haarlem.com\/de\/#\/schema\/logo\/image\/","url":"https:\/\/www.avek-haarlem.com\/wp-content\/uploads\/2021\/08\/AVEK_LOGO_ned.png","contentUrl":"https:\/\/www.avek-haarlem.com\/wp-content\/uploads\/2021\/08\/AVEK_LOGO_ned.png","width":301,"height":85,"caption":"AVEK Haarlem B.V."},"image":{"@id":"https:\/\/www.avek-haarlem.com\/de\/#\/schema\/logo\/image\/"}},{"@type":"Person","@id":"https:\/\/www.avek-haarlem.com\/de\/#\/schema\/person\/3f8b796622c0e97d916fe001f93fe5d5","name":"vollesmaken","sameAs":["https:\/\/avek-haarlem.com"]}]}},"_links":{"self":[{"href":"https:\/\/www.avek-haarlem.com\/de\/wp-json\/wp\/v2\/posts\/2020","targetHints":{"allow":["GET"]}}],"collection":[{"href":"https:\/\/www.avek-haarlem.com\/de\/wp-json\/wp\/v2\/posts"}],"about":[{"href":"https:\/\/www.avek-haarlem.com\/de\/wp-json\/wp\/v2\/types\/post"}],"author":[{"embeddable":true,"href":"https:\/\/www.avek-haarlem.com\/de\/wp-json\/wp\/v2\/users\/1"}],"replies":[{"embeddable":true,"href":"https:\/\/www.avek-haarlem.com\/de\/wp-json\/wp\/v2\/comments?post=2020"}],"version-history":[{"count":5,"href":"https:\/\/www.avek-haarlem.com\/de\/wp-json\/wp\/v2\/posts\/2020\/revisions"}],"predecessor-version":[{"id":2650,"href":"https:\/\/www.avek-haarlem.com\/de\/wp-json\/wp\/v2\/posts\/2020\/revisions\/2650"}],"wp:featuredmedia":[{"embeddable":true,"href":"https:\/\/www.avek-haarlem.com\/de\/wp-json\/wp\/v2\/media\/1841"}],"wp:attachment":[{"href":"https:\/\/www.avek-haarlem.com\/de\/wp-json\/wp\/v2\/media?parent=2020"}],"wp:term":[{"taxonomy":"category","embeddable":true,"href":"https:\/\/www.avek-haarlem.com\/de\/wp-json\/wp\/v2\/categories?post=2020"},{"taxonomy":"post_tag","embeddable":true,"href":"https:\/\/www.avek-haarlem.com\/de\/wp-json\/wp\/v2\/tags?post=2020"}],"curies":[{"name":"wp","href":"https:\/\/api.w.org\/{rel}","templated":true}]}}