{"id":2014,"date":"2025-11-13T11:55:23","date_gmt":"2025-11-13T11:55:23","guid":{"rendered":"https:\/\/www.avek-haarlem.com\/unkategorisiert\/ontwerp-en-ontwikkeling\/"},"modified":"2025-04-24T08:58:26","modified_gmt":"2025-04-24T08:58:26","slug":"designentwicklung","status":"publish","type":"post","link":"https:\/\/www.avek-haarlem.com\/de\/dienstleistungen\/designentwicklung\/","title":{"rendered":"Design &#038; Entwicklung"},"content":{"rendered":"<div class=\"fusion-fullwidth fullwidth-box fusion-builder-row-1 fusion-flex-container has-pattern-background has-mask-background nonhundred-percent-fullwidth non-hundred-percent-height-scrolling\" style=\"--awb-border-radius-top-left:0px;--awb-border-radius-top-right:0px;--awb-border-radius-bottom-right:0px;--awb-border-radius-bottom-left:0px;--awb-padding-right:0px;--awb-padding-left:0px;--awb-flex-wrap:wrap;\" ><div class=\"fusion-builder-row fusion-row fusion-flex-align-items-flex-start fusion-flex-content-wrap\" style=\"max-width:1248px;margin-left: calc(-4% \/ 2 );margin-right: calc(-4% \/ 2 );\"><div class=\"fusion-layout-column fusion_builder_column fusion-builder-column-0 fusion_builder_column_1_1 1_1 fusion-flex-column\" style=\"--awb-bg-blend:overlay;--awb-bg-size:cover;--awb-width-large:100%;--awb-margin-top-large:0px;--awb-spacing-right-large:1.92%;--awb-margin-bottom-large:0px;--awb-spacing-left-large:1.92%;--awb-width-medium:100%;--awb-spacing-right-medium:1.92%;--awb-spacing-left-medium:1.92%;--awb-width-small:100%;--awb-spacing-right-small:1.92%;--awb-spacing-left-small:1.92%;\"><div class=\"fusion-column-wrapper fusion-flex-justify-content-flex-start fusion-content-layout-column\"><div class=\"fusion-title title fusion-title-1 fusion-sep-none fusion-title-text fusion-title-size-two\" style=\"--awb-margin-top-small:10px;--awb-margin-right-small:0px;--awb-margin-bottom-small:10px;--awb-margin-left-small:0px;\"><h2 class=\"fusion-title-heading title-heading-left\" style=\"margin:0;\">Gemeinsam finden wir die L\u00f6sung f\u00fcr Ihre Anforderungen<\/h2><\/div><div class=\"fusion-text fusion-text-1\" style=\"--awb-text-transform:none;\"><p>F\u00fcr die L\u00f6sung einer technischen Anforderung k\u00f6nnen Sie sich an unsere F&amp;E-Abteilung (Forschung und Entwicklung) wenden. Unsere Fachleute suchen mit Hilfe eines theoretischen Ansatzes oder aber durch Ausprobieren nach einer L\u00f6sung f\u00fcr Ihre konkrete Anforderung. Anschlie\u00dfend wird die L\u00f6sung zu einem ma\u00dfgeschneiderten Produkt entwickelt, das in die Fertigung geht. Auch die Durchf\u00fchrung von Lebenszyklustests geh\u00f6rt zu den M\u00f6glichkeiten.<\/p>\n<p>Projekte k\u00f6nnen in \u00dcbereinstimmung mit der Norm ISO TS 16949 durchgef\u00fchrt werden. Ziel des Standards ist es, das System und die Qualit\u00e4t zu verbessern, um die Kundenzufriedenheit zu erh\u00f6hen, Probleme und Risiken im Produktionsprozess und in der Lieferkette zu erkennen, ihre Ursachen zu beseitigen und Korrektur- und Vorbeugungsma\u00dfnahmen f\u00fcr ihre Wirksamkeit zu ergreifen. Der Schwerpunkt liegt nicht auf dem Feststellen, sondern dem Vermeiden von Fehlern.<\/p>\n<p>Unser hauseigener Werkzeugbau besch\u00e4ftigt sich mit der Fertigung, Verbesserung und Wartung von Folge-, Schneid- und Biegestempeln sowie von Formwerkzeugen.<\/p>\n<\/div><\/div><\/div><\/div><\/div>\n","protected":false},"excerpt":{"rendered":"<p>Gemeinsam finden wir die L\u00f6sung f\u00fcr Ihre Anforderungen.<\/p>\n","protected":false},"author":1,"featured_media":3157,"comment_status":"closed","ping_status":"closed","sticky":false,"template":"","format":"standard","meta":{"footnotes":""},"categories":[35],"tags":[],"class_list":["post-2014","post","type-post","status-publish","format-standard","has-post-thumbnail","hentry","category-dienstleistungen"],"yoast_head":"<!-- This site is optimized with the Yoast SEO plugin v27.5 - https:\/\/yoast.com\/product\/yoast-seo-wordpress\/ -->\n<title>Design &amp; Entwicklung | AVEK Haarlem Technische Federfabrik<\/title>\n<meta name=\"description\" content=\"AVEK Haarlem: Experten f\u00fcr Design &amp; Entwicklung technischer Federn &amp; Drahtformen. Innovative &amp; ma\u00dfgeschneiderte L\u00f6sungen f\u00fcr Ihre Anforderungen\" \/>\n<meta name=\"robots\" content=\"index, follow, max-snippet:-1, max-image-preview:large, max-video-preview:-1\" \/>\n<link rel=\"canonical\" href=\"https:\/\/www.avek-haarlem.com\/de\/dienstleistungen\/designentwicklung\/\" \/>\n<meta property=\"og:locale\" content=\"de_DE\" \/>\n<meta property=\"og:type\" content=\"article\" \/>\n<meta property=\"og:title\" content=\"Design &amp; Entwicklung | AVEK Haarlem Technische Federfabrik\" \/>\n<meta property=\"og:description\" content=\"AVEK Haarlem: Experten f\u00fcr Design &amp; Entwicklung technischer Federn &amp; Drahtformen. Innovative &amp; ma\u00dfgeschneiderte L\u00f6sungen f\u00fcr Ihre Anforderungen\" \/>\n<meta property=\"og:url\" content=\"https:\/\/www.avek-haarlem.com\/de\/dienstleistungen\/designentwicklung\/\" \/>\n<meta property=\"og:site_name\" content=\"AVEK Haarlem\" \/>\n<meta property=\"article:published_time\" content=\"2025-11-13T11:55:23+00:00\" \/>\n<meta property=\"og:image\" content=\"https:\/\/www.avek-haarlem.com\/wp-content\/uploads\/2022\/02\/Ontwerp_ontwikkeling.jpg\" \/>\n\t<meta property=\"og:image:width\" content=\"1200\" \/>\n\t<meta property=\"og:image:height\" content=\"798\" \/>\n\t<meta property=\"og:image:type\" content=\"image\/jpeg\" \/>\n<meta name=\"author\" content=\"vollesmaken\" \/>\n<meta name=\"twitter:card\" content=\"summary_large_image\" \/>\n<meta name=\"twitter:label1\" content=\"Verfasst von\" \/>\n\t<meta name=\"twitter:data1\" content=\"vollesmaken\" \/>\n\t<meta name=\"twitter:label2\" content=\"Gesch\u00e4tzte Lesezeit\" \/>\n\t<meta name=\"twitter:data2\" content=\"1\u00a0Minute\" \/>\n<script type=\"application\/ld+json\" class=\"yoast-schema-graph\">{\"@context\":\"https:\\\/\\\/schema.org\",\"@graph\":[{\"@type\":\"Article\",\"@id\":\"https:\\\/\\\/www.avek-haarlem.com\\\/de\\\/dienstleistungen\\\/designentwicklung\\\/#article\",\"isPartOf\":{\"@id\":\"https:\\\/\\\/www.avek-haarlem.com\\\/de\\\/dienstleistungen\\\/designentwicklung\\\/\"},\"author\":{\"name\":\"vollesmaken\",\"@id\":\"https:\\\/\\\/www.avek-haarlem.com\\\/de\\\/#\\\/schema\\\/person\\\/3f8b796622c0e97d916fe001f93fe5d5\"},\"headline\":\"Design &#038; Entwicklung\",\"datePublished\":\"2025-11-13T11:55:23+00:00\",\"mainEntityOfPage\":{\"@id\":\"https:\\\/\\\/www.avek-haarlem.com\\\/de\\\/dienstleistungen\\\/designentwicklung\\\/\"},\"wordCount\":952,\"publisher\":{\"@id\":\"https:\\\/\\\/www.avek-haarlem.com\\\/de\\\/#organization\"},\"image\":{\"@id\":\"https:\\\/\\\/www.avek-haarlem.com\\\/de\\\/dienstleistungen\\\/designentwicklung\\\/#primaryimage\"},\"thumbnailUrl\":\"https:\\\/\\\/www.avek-haarlem.com\\\/wp-content\\\/uploads\\\/2022\\\/02\\\/Ontwerp_ontwikkeling.jpg\",\"articleSection\":[\"Dienstleistungen\"],\"inLanguage\":\"de\"},{\"@type\":\"WebPage\",\"@id\":\"https:\\\/\\\/www.avek-haarlem.com\\\/de\\\/dienstleistungen\\\/designentwicklung\\\/\",\"url\":\"https:\\\/\\\/www.avek-haarlem.com\\\/de\\\/dienstleistungen\\\/designentwicklung\\\/\",\"name\":\"Design & Entwicklung | AVEK Haarlem Technische Federfabrik\",\"isPartOf\":{\"@id\":\"https:\\\/\\\/www.avek-haarlem.com\\\/de\\\/#website\"},\"primaryImageOfPage\":{\"@id\":\"https:\\\/\\\/www.avek-haarlem.com\\\/de\\\/dienstleistungen\\\/designentwicklung\\\/#primaryimage\"},\"image\":{\"@id\":\"https:\\\/\\\/www.avek-haarlem.com\\\/de\\\/dienstleistungen\\\/designentwicklung\\\/#primaryimage\"},\"thumbnailUrl\":\"https:\\\/\\\/www.avek-haarlem.com\\\/wp-content\\\/uploads\\\/2022\\\/02\\\/Ontwerp_ontwikkeling.jpg\",\"datePublished\":\"2025-11-13T11:55:23+00:00\",\"description\":\"AVEK Haarlem: Experten f\u00fcr Design & Entwicklung technischer Federn & Drahtformen. Innovative & ma\u00dfgeschneiderte L\u00f6sungen f\u00fcr Ihre Anforderungen\",\"breadcrumb\":{\"@id\":\"https:\\\/\\\/www.avek-haarlem.com\\\/de\\\/dienstleistungen\\\/designentwicklung\\\/#breadcrumb\"},\"inLanguage\":\"de\",\"potentialAction\":[{\"@type\":\"ReadAction\",\"target\":[\"https:\\\/\\\/www.avek-haarlem.com\\\/de\\\/dienstleistungen\\\/designentwicklung\\\/\"]}]},{\"@type\":\"ImageObject\",\"inLanguage\":\"de\",\"@id\":\"https:\\\/\\\/www.avek-haarlem.com\\\/de\\\/dienstleistungen\\\/designentwicklung\\\/#primaryimage\",\"url\":\"https:\\\/\\\/www.avek-haarlem.com\\\/wp-content\\\/uploads\\\/2022\\\/02\\\/Ontwerp_ontwikkeling.jpg\",\"contentUrl\":\"https:\\\/\\\/www.avek-haarlem.com\\\/wp-content\\\/uploads\\\/2022\\\/02\\\/Ontwerp_ontwikkeling.jpg\",\"width\":1200,\"height\":798},{\"@type\":\"BreadcrumbList\",\"@id\":\"https:\\\/\\\/www.avek-haarlem.com\\\/de\\\/dienstleistungen\\\/designentwicklung\\\/#breadcrumb\",\"itemListElement\":[{\"@type\":\"ListItem\",\"position\":1,\"name\":\"Home\",\"item\":\"https:\\\/\\\/www.avek-haarlem.com\\\/de\\\/\"},{\"@type\":\"ListItem\",\"position\":2,\"name\":\"Design &#038; Entwicklung\"}]},{\"@type\":\"WebSite\",\"@id\":\"https:\\\/\\\/www.avek-haarlem.com\\\/de\\\/#website\",\"url\":\"https:\\\/\\\/www.avek-haarlem.com\\\/de\\\/\",\"name\":\"AVEK Haarlem\",\"description\":\"Technische verenfabriek\",\"publisher\":{\"@id\":\"https:\\\/\\\/www.avek-haarlem.com\\\/de\\\/#organization\"},\"potentialAction\":[{\"@type\":\"SearchAction\",\"target\":{\"@type\":\"EntryPoint\",\"urlTemplate\":\"https:\\\/\\\/www.avek-haarlem.com\\\/de\\\/?s={search_term_string}\"},\"query-input\":{\"@type\":\"PropertyValueSpecification\",\"valueRequired\":true,\"valueName\":\"search_term_string\"}}],\"inLanguage\":\"de\"},{\"@type\":\"Organization\",\"@id\":\"https:\\\/\\\/www.avek-haarlem.com\\\/de\\\/#organization\",\"name\":\"AVEK Haarlem B.V.\",\"url\":\"https:\\\/\\\/www.avek-haarlem.com\\\/de\\\/\",\"logo\":{\"@type\":\"ImageObject\",\"inLanguage\":\"de\",\"@id\":\"https:\\\/\\\/www.avek-haarlem.com\\\/de\\\/#\\\/schema\\\/logo\\\/image\\\/\",\"url\":\"https:\\\/\\\/www.avek-haarlem.com\\\/wp-content\\\/uploads\\\/2021\\\/08\\\/AVEK_LOGO_ned.png\",\"contentUrl\":\"https:\\\/\\\/www.avek-haarlem.com\\\/wp-content\\\/uploads\\\/2021\\\/08\\\/AVEK_LOGO_ned.png\",\"width\":301,\"height\":85,\"caption\":\"AVEK Haarlem B.V.\"},\"image\":{\"@id\":\"https:\\\/\\\/www.avek-haarlem.com\\\/de\\\/#\\\/schema\\\/logo\\\/image\\\/\"}},{\"@type\":\"Person\",\"@id\":\"https:\\\/\\\/www.avek-haarlem.com\\\/de\\\/#\\\/schema\\\/person\\\/3f8b796622c0e97d916fe001f93fe5d5\",\"name\":\"vollesmaken\",\"sameAs\":[\"https:\\\/\\\/avek-haarlem.com\"]}]}<\/script>\n<!-- \/ Yoast SEO plugin. -->","yoast_head_json":{"title":"Design & Entwicklung | AVEK Haarlem Technische Federfabrik","description":"AVEK Haarlem: Experten f\u00fcr Design & Entwicklung technischer Federn & Drahtformen. Innovative & ma\u00dfgeschneiderte L\u00f6sungen f\u00fcr Ihre Anforderungen","robots":{"index":"index","follow":"follow","max-snippet":"max-snippet:-1","max-image-preview":"max-image-preview:large","max-video-preview":"max-video-preview:-1"},"canonical":"https:\/\/www.avek-haarlem.com\/de\/dienstleistungen\/designentwicklung\/","og_locale":"de_DE","og_type":"article","og_title":"Design & Entwicklung | AVEK Haarlem Technische Federfabrik","og_description":"AVEK Haarlem: Experten f\u00fcr Design & Entwicklung technischer Federn & Drahtformen. Innovative & ma\u00dfgeschneiderte L\u00f6sungen f\u00fcr Ihre Anforderungen","og_url":"https:\/\/www.avek-haarlem.com\/de\/dienstleistungen\/designentwicklung\/","og_site_name":"AVEK Haarlem","article_published_time":"2025-11-13T11:55:23+00:00","og_image":[{"width":1200,"height":798,"url":"https:\/\/www.avek-haarlem.com\/wp-content\/uploads\/2022\/02\/Ontwerp_ontwikkeling.jpg","type":"image\/jpeg"}],"author":"vollesmaken","twitter_card":"summary_large_image","twitter_misc":{"Verfasst von":"vollesmaken","Gesch\u00e4tzte Lesezeit":"1\u00a0Minute"},"schema":{"@context":"https:\/\/schema.org","@graph":[{"@type":"Article","@id":"https:\/\/www.avek-haarlem.com\/de\/dienstleistungen\/designentwicklung\/#article","isPartOf":{"@id":"https:\/\/www.avek-haarlem.com\/de\/dienstleistungen\/designentwicklung\/"},"author":{"name":"vollesmaken","@id":"https:\/\/www.avek-haarlem.com\/de\/#\/schema\/person\/3f8b796622c0e97d916fe001f93fe5d5"},"headline":"Design &#038; Entwicklung","datePublished":"2025-11-13T11:55:23+00:00","mainEntityOfPage":{"@id":"https:\/\/www.avek-haarlem.com\/de\/dienstleistungen\/designentwicklung\/"},"wordCount":952,"publisher":{"@id":"https:\/\/www.avek-haarlem.com\/de\/#organization"},"image":{"@id":"https:\/\/www.avek-haarlem.com\/de\/dienstleistungen\/designentwicklung\/#primaryimage"},"thumbnailUrl":"https:\/\/www.avek-haarlem.com\/wp-content\/uploads\/2022\/02\/Ontwerp_ontwikkeling.jpg","articleSection":["Dienstleistungen"],"inLanguage":"de"},{"@type":"WebPage","@id":"https:\/\/www.avek-haarlem.com\/de\/dienstleistungen\/designentwicklung\/","url":"https:\/\/www.avek-haarlem.com\/de\/dienstleistungen\/designentwicklung\/","name":"Design & Entwicklung | AVEK Haarlem Technische Federfabrik","isPartOf":{"@id":"https:\/\/www.avek-haarlem.com\/de\/#website"},"primaryImageOfPage":{"@id":"https:\/\/www.avek-haarlem.com\/de\/dienstleistungen\/designentwicklung\/#primaryimage"},"image":{"@id":"https:\/\/www.avek-haarlem.com\/de\/dienstleistungen\/designentwicklung\/#primaryimage"},"thumbnailUrl":"https:\/\/www.avek-haarlem.com\/wp-content\/uploads\/2022\/02\/Ontwerp_ontwikkeling.jpg","datePublished":"2025-11-13T11:55:23+00:00","description":"AVEK Haarlem: Experten f\u00fcr Design & Entwicklung technischer Federn & Drahtformen. Innovative & ma\u00dfgeschneiderte L\u00f6sungen f\u00fcr Ihre Anforderungen","breadcrumb":{"@id":"https:\/\/www.avek-haarlem.com\/de\/dienstleistungen\/designentwicklung\/#breadcrumb"},"inLanguage":"de","potentialAction":[{"@type":"ReadAction","target":["https:\/\/www.avek-haarlem.com\/de\/dienstleistungen\/designentwicklung\/"]}]},{"@type":"ImageObject","inLanguage":"de","@id":"https:\/\/www.avek-haarlem.com\/de\/dienstleistungen\/designentwicklung\/#primaryimage","url":"https:\/\/www.avek-haarlem.com\/wp-content\/uploads\/2022\/02\/Ontwerp_ontwikkeling.jpg","contentUrl":"https:\/\/www.avek-haarlem.com\/wp-content\/uploads\/2022\/02\/Ontwerp_ontwikkeling.jpg","width":1200,"height":798},{"@type":"BreadcrumbList","@id":"https:\/\/www.avek-haarlem.com\/de\/dienstleistungen\/designentwicklung\/#breadcrumb","itemListElement":[{"@type":"ListItem","position":1,"name":"Home","item":"https:\/\/www.avek-haarlem.com\/de\/"},{"@type":"ListItem","position":2,"name":"Design &#038; Entwicklung"}]},{"@type":"WebSite","@id":"https:\/\/www.avek-haarlem.com\/de\/#website","url":"https:\/\/www.avek-haarlem.com\/de\/","name":"AVEK Haarlem","description":"Technische verenfabriek","publisher":{"@id":"https:\/\/www.avek-haarlem.com\/de\/#organization"},"potentialAction":[{"@type":"SearchAction","target":{"@type":"EntryPoint","urlTemplate":"https:\/\/www.avek-haarlem.com\/de\/?s={search_term_string}"},"query-input":{"@type":"PropertyValueSpecification","valueRequired":true,"valueName":"search_term_string"}}],"inLanguage":"de"},{"@type":"Organization","@id":"https:\/\/www.avek-haarlem.com\/de\/#organization","name":"AVEK Haarlem B.V.","url":"https:\/\/www.avek-haarlem.com\/de\/","logo":{"@type":"ImageObject","inLanguage":"de","@id":"https:\/\/www.avek-haarlem.com\/de\/#\/schema\/logo\/image\/","url":"https:\/\/www.avek-haarlem.com\/wp-content\/uploads\/2021\/08\/AVEK_LOGO_ned.png","contentUrl":"https:\/\/www.avek-haarlem.com\/wp-content\/uploads\/2021\/08\/AVEK_LOGO_ned.png","width":301,"height":85,"caption":"AVEK Haarlem B.V."},"image":{"@id":"https:\/\/www.avek-haarlem.com\/de\/#\/schema\/logo\/image\/"}},{"@type":"Person","@id":"https:\/\/www.avek-haarlem.com\/de\/#\/schema\/person\/3f8b796622c0e97d916fe001f93fe5d5","name":"vollesmaken","sameAs":["https:\/\/avek-haarlem.com"]}]}},"_links":{"self":[{"href":"https:\/\/www.avek-haarlem.com\/de\/wp-json\/wp\/v2\/posts\/2014","targetHints":{"allow":["GET"]}}],"collection":[{"href":"https:\/\/www.avek-haarlem.com\/de\/wp-json\/wp\/v2\/posts"}],"about":[{"href":"https:\/\/www.avek-haarlem.com\/de\/wp-json\/wp\/v2\/types\/post"}],"author":[{"embeddable":true,"href":"https:\/\/www.avek-haarlem.com\/de\/wp-json\/wp\/v2\/users\/1"}],"replies":[{"embeddable":true,"href":"https:\/\/www.avek-haarlem.com\/de\/wp-json\/wp\/v2\/comments?post=2014"}],"version-history":[{"count":3,"href":"https:\/\/www.avek-haarlem.com\/de\/wp-json\/wp\/v2\/posts\/2014\/revisions"}],"predecessor-version":[{"id":3068,"href":"https:\/\/www.avek-haarlem.com\/de\/wp-json\/wp\/v2\/posts\/2014\/revisions\/3068"}],"wp:featuredmedia":[{"embeddable":true,"href":"https:\/\/www.avek-haarlem.com\/de\/wp-json\/wp\/v2\/media\/3157"}],"wp:attachment":[{"href":"https:\/\/www.avek-haarlem.com\/de\/wp-json\/wp\/v2\/media?parent=2014"}],"wp:term":[{"taxonomy":"category","embeddable":true,"href":"https:\/\/www.avek-haarlem.com\/de\/wp-json\/wp\/v2\/categories?post=2014"},{"taxonomy":"post_tag","embeddable":true,"href":"https:\/\/www.avek-haarlem.com\/de\/wp-json\/wp\/v2\/tags?post=2014"}],"curies":[{"name":"wp","href":"https:\/\/api.w.org\/{rel}","templated":true}]}}